{"id":4429,"date":"2023-12-27T11:05:58","date_gmt":"2023-12-27T10:05:58","guid":{"rendered":"https:\/\/hotelcentrereus.com\/?p=4429"},"modified":"2023-12-27T11:41:08","modified_gmt":"2023-12-27T10:41:08","slug":"la-casa-navas-por-dentro","status":"publish","type":"post","link":"https:\/\/hotelcentrereus.com\/es\/la-casa-navas-por-dentro\/","title":{"rendered":"La Casa Nav\u00e0s por dentro"},"content":{"rendered":"<h3><strong>Hoy nos vamos a adentrar en la Casa Nav\u00e0s para descubrir la singularidad de su interior. Adem\u00e1s de pasar tus noches en Hotel Centre, puedes vivir una verdadera aventura hist\u00f3rica si visitas esta obra arquitect\u00f3nica.<\/strong><\/h3>\n<h4><strong>Este edificio, construido por el arquitecto Llu\u00eds Dom\u00e8nech i Montaner y el decorador Gaspar Homar entre 1901 y 1908, es uno de los mejores ejemplos del Modernismo a nivel europeo.\u00a0El proyecto, encargado por el comerciante de tejidos Joaquim Nav\u00e0s y su esposa, Pepa Blasco, fue encargado al arquitecto para la construcci\u00f3n de una casa tienda en una de las esquinas de la Pla\u00e7a del Mercadal de Reus.\u00a0<\/strong><\/h4>\n<h4><\/h4>\n<h4><\/h4>\n<h4><b>Ejemplo \u00fanico del Modernismo en Europa<\/b><\/h4>\n<p><span style=\"font-weight: 400;\">Aunque debido a las consecuencias de la Guerra Civil Espa\u00f1ola, la Casa Nav\u00e0s sufri\u00f3 algunos desperfectos, el edificio ha llegado a nuestros d\u00edas pr\u00e1cticamente tal y como se estren\u00f3. Pese a que, por causa de los bombardeos que sufri\u00f3 Reus como segunda capital catalana, la casa perdi\u00f3 la torre, gran parte del tejado y algunas de las dependencias del segundo piso, posteriormente los propietarios restauraron buena parte de las estancias.\u00a0<\/span><\/p>\n<p><span style=\"font-weight: 400;\">Si entramos en el edificio, vamos a poder admirar sus vidrieras de m\u00e1s de doscientos metros cuadrados de superficie con sus claraboyas, tabiques, puertas y ventanas. De hecho, los mejores artesanos de la \u00e9poca acompa\u00f1aron al arquitecto en su labor. As\u00ed que se conserva gran parte de los elementos de la \u00e9poca de su construcci\u00f3n, c\u00f3mo las cer\u00e1micas, las pinturas, los tejidos de seda, las l\u00e1mparas, etc.<\/span><\/p>\n<h4><\/h4>\n<h4><b>Una verdadera experiencia hist\u00f3rica<\/b><\/h4>\n<p><span style=\"font-weight: 400;\">El edificio ofrece diferentes experiencias para que te sientas parte de la historia modernista de la ciudad y te puedas poner en la piel de los reusenses del siglo pasado.\u00a0<\/span><\/p>\n<ul>\n<li style=\"font-weight: 400;\" aria-level=\"1\"><span style=\"font-weight: 400;\">En las visitas guiadas, un experto te acompa\u00f1a por la casa para descubrirte todos sus detalles y curiosidades.\u00a0<\/span><\/li>\n<li style=\"font-weight: 400;\" aria-level=\"1\"><span style=\"font-weight: 400;\">En las noches modernistas, adem\u00e1s de una visita guiada por las estancias de Casa Nav\u00e0s, vas a poder escuchar la m\u00fasica de la \u00e9poca mientras degustas una cena de pie en la antigua tienda de los Nav\u00e0s Blasco.\u00a0<\/span><\/li>\n<li style=\"font-weight: 400;\" aria-level=\"1\"><span style=\"font-weight: 400;\">Las visitas teatralizadas ambientadas en los a\u00f1os 40 (despu\u00e9s de la Guerra Civil), con el encargado de la tienda Marcel Pons y el jefe de obras Pere Ferr\u00e9, son tu opci\u00f3n si quieres descubrir los rincones escondidos de la casa.\u00a0<\/span><\/li>\n<li style=\"font-weight: 400;\" aria-level=\"1\"><span style=\"font-weight: 400;\">En la actividad infantil \u201cEl jard\u00ed m\u00e0gic de Cal Nav\u00e0s\u201d (\u201cEl jard\u00edn m\u00e1gico de Cal Nav\u00e0s\u201d), un jardinero conduce a los m\u00e1s peque\u00f1os por el interior del edificio explic\u00e1ndoles su historia a trav\u00e9s de un cuento mientras van buscando formas, colores y elementos de la naturaleza.\u00a0<\/span><\/li>\n<\/ul>\n<p>&nbsp;<\/p>\n<p><span style=\"font-weight: 400;\">As\u00ed que, si eres un amante del modernismo, no te lo pienses m\u00e1s y ven a Reus de la mano de <a href=\"https:\/\/hotelcentrereus.com\/es\/hotel-centre\/\">Hotel Centre<\/a>. \u00a1Te estamos esperando!<\/span><\/p>\n<p><br style=\"font-weight: 400;\" \/><br style=\"font-weight: 400;\" \/><\/p>\n","protected":false},"excerpt":{"rendered":"<p>Hoy nos vamos a adentrar en la Casa Nav\u00e0s para descubrir la singularidad de su interior. Adem\u00e1s de pasar tus noches en Hotel Centre, puedes vivir una verdadera aventura hist\u00f3rica si visitas esta obra arquitect\u00f3nica. Este edificio, construido por el arquitecto Llu\u00eds Dom\u00e8nech i Montaner y el decorador Gaspar Homar entre 1901 y 1908, es [&hellip;]<\/p>\n","protected":false},"author":1,"featured_media":4425,"comment_status":"closed","ping_status":"closed","sticky":false,"template":"","format":"standard","meta":{"_et_pb_use_builder":"","_et_pb_old_content":"","_et_gb_content_width":"","footnotes":""},"categories":[58],"tags":[],"class_list":["post-4429","post","type-post","status-publish","format-standard","has-post-thumbnail","hentry","category-novedades"],"yoast_head":"<!-- This site is optimized with the Yoast SEO plugin v26.7 - https:\/\/yoast.com\/wordpress\/plugins\/seo\/ -->\n<title>La Casa Nav\u00e0s por dentro - Hotel Centre Reus - Hotels One<\/title>\n<meta name=\"description\" content=\"Hoy, desde Hotel Centre, nos adentraremos en la Casa Nav\u00e0s para vivir una verdadera aventura hist\u00f3rica descubriendo su interior.\" \/>\n<meta name=\"robots\" content=\"index, follow, max-snippet:-1, max-image-preview:large, max-video-preview:-1\" \/>\n<link rel=\"canonical\" href=\"https:\/\/hotelcentrereus.com\/es\/la-casa-navas-por-dentro\/\" \/>\n<meta property=\"og:locale\" content=\"es_ES\" \/>\n<meta property=\"og:type\" content=\"article\" \/>\n<meta property=\"og:title\" content=\"La Casa Nav\u00e0s por dentro - Hotel Centre Reus - Hotels One\" \/>\n<meta property=\"og:description\" content=\"Hoy, desde Hotel Centre, nos adentraremos en la Casa Nav\u00e0s para vivir una verdadera aventura hist\u00f3rica descubriendo su interior.\" \/>\n<meta property=\"og:url\" content=\"https:\/\/hotelcentrereus.com\/es\/la-casa-navas-por-dentro\/\" \/>\n<meta property=\"og:site_name\" content=\"Hotel Centre Reus - Hotels One\" \/>\n<meta property=\"article:publisher\" content=\"https:\/\/www.facebook.com\/hotelcentrereus2015\" \/>\n<meta property=\"article:published_time\" content=\"2023-12-27T10:05:58+00:00\" \/>\n<meta property=\"article:modified_time\" content=\"2023-12-27T10:41:08+00:00\" \/>\n<meta property=\"og:image\" content=\"https:\/\/hotelcentrereus.com\/wp-content\/uploads\/2023\/12\/WhatsApp-Image-2023-12-27-at-11.03.19.jpeg\" \/>\n\t<meta property=\"og:image:width\" content=\"1000\" \/>\n\t<meta property=\"og:image:height\" content=\"416\" \/>\n\t<meta property=\"og:image:type\" content=\"image\/jpeg\" \/>\n<meta name=\"author\" content=\"hotelcentre\" \/>\n<meta name=\"twitter:label1\" content=\"Escrito por\" \/>\n\t<meta name=\"twitter:data1\" content=\"hotelcentre\" \/>\n\t<meta name=\"twitter:label2\" content=\"Tiempo de lectura\" \/>\n\t<meta name=\"twitter:data2\" content=\"3 minutos\" \/>\n<script type=\"application\/ld+json\" class=\"yoast-schema-graph\">{\"@context\":\"https:\/\/schema.org\",\"@graph\":[{\"@type\":\"Article\",\"@id\":\"https:\/\/hotelcentrereus.com\/es\/la-casa-navas-por-dentro\/#article\",\"isPartOf\":{\"@id\":\"https:\/\/hotelcentrereus.com\/es\/la-casa-navas-por-dentro\/\"},\"author\":{\"name\":\"hotelcentre\",\"@id\":\"https:\/\/hotelcentrereus.com\/#\/schema\/person\/9b0674c0f7f92fc0a64439aa538c1531\"},\"headline\":\"La Casa Nav\u00e0s por dentro\",\"datePublished\":\"2023-12-27T10:05:58+00:00\",\"dateModified\":\"2023-12-27T10:41:08+00:00\",\"mainEntityOfPage\":{\"@id\":\"https:\/\/hotelcentrereus.com\/es\/la-casa-navas-por-dentro\/\"},\"wordCount\":490,\"publisher\":{\"@id\":\"https:\/\/hotelcentrereus.com\/#organization\"},\"image\":{\"@id\":\"https:\/\/hotelcentrereus.com\/es\/la-casa-navas-por-dentro\/#primaryimage\"},\"thumbnailUrl\":\"https:\/\/hotelcentrereus.com\/wp-content\/uploads\/2023\/12\/WhatsApp-Image-2023-12-27-at-11.03.19.jpeg\",\"articleSection\":[\"Novedades\"],\"inLanguage\":\"es\"},{\"@type\":\"WebPage\",\"@id\":\"https:\/\/hotelcentrereus.com\/es\/la-casa-navas-por-dentro\/\",\"url\":\"https:\/\/hotelcentrereus.com\/es\/la-casa-navas-por-dentro\/\",\"name\":\"La Casa Nav\u00e0s por dentro - Hotel Centre Reus - Hotels One\",\"isPartOf\":{\"@id\":\"https:\/\/hotelcentrereus.com\/#website\"},\"primaryImageOfPage\":{\"@id\":\"https:\/\/hotelcentrereus.com\/es\/la-casa-navas-por-dentro\/#primaryimage\"},\"image\":{\"@id\":\"https:\/\/hotelcentrereus.com\/es\/la-casa-navas-por-dentro\/#primaryimage\"},\"thumbnailUrl\":\"https:\/\/hotelcentrereus.com\/wp-content\/uploads\/2023\/12\/WhatsApp-Image-2023-12-27-at-11.03.19.jpeg\",\"datePublished\":\"2023-12-27T10:05:58+00:00\",\"dateModified\":\"2023-12-27T10:41:08+00:00\",\"description\":\"Hoy, desde Hotel Centre, nos adentraremos en la Casa Nav\u00e0s para vivir una verdadera aventura hist\u00f3rica descubriendo su interior.\",\"breadcrumb\":{\"@id\":\"https:\/\/hotelcentrereus.com\/es\/la-casa-navas-por-dentro\/#breadcrumb\"},\"inLanguage\":\"es\",\"potentialAction\":[{\"@type\":\"ReadAction\",\"target\":[\"https:\/\/hotelcentrereus.com\/es\/la-casa-navas-por-dentro\/\"]}]},{\"@type\":\"ImageObject\",\"inLanguage\":\"es\",\"@id\":\"https:\/\/hotelcentrereus.com\/es\/la-casa-navas-por-dentro\/#primaryimage\",\"url\":\"https:\/\/hotelcentrereus.com\/wp-content\/uploads\/2023\/12\/WhatsApp-Image-2023-12-27-at-11.03.19.jpeg\",\"contentUrl\":\"https:\/\/hotelcentrereus.com\/wp-content\/uploads\/2023\/12\/WhatsApp-Image-2023-12-27-at-11.03.19.jpeg\",\"width\":1000,\"height\":416},{\"@type\":\"BreadcrumbList\",\"@id\":\"https:\/\/hotelcentrereus.com\/es\/la-casa-navas-por-dentro\/#breadcrumb\",\"itemListElement\":[{\"@type\":\"ListItem\",\"position\":1,\"name\":\"Portada\",\"item\":\"https:\/\/hotelcentrereus.com\/es\/\"},{\"@type\":\"ListItem\",\"position\":2,\"name\":\"La Casa Nav\u00e0s por dentro\"}]},{\"@type\":\"WebSite\",\"@id\":\"https:\/\/hotelcentrereus.com\/#website\",\"url\":\"https:\/\/hotelcentrereus.com\/\",\"name\":\"Hotel Centre Reus - Hotels One\",\"description\":\"10% DE DESCUENTO AL RESERVAR EN NUESTRA WEB - El Hotel Centre Reus es un hotel peque\u00f1o de 3 estrellas situado en el centro hist\u00f3rico de Reus. Ofrece habitaciones amplias, modernas y elegantes. Con vistas excelentes a la iglesia prioral de Sant Pere.\",\"publisher\":{\"@id\":\"https:\/\/hotelcentrereus.com\/#organization\"},\"alternateName\":\"Hotel Reus\",\"potentialAction\":[{\"@type\":\"SearchAction\",\"target\":{\"@type\":\"EntryPoint\",\"urlTemplate\":\"https:\/\/hotelcentrereus.com\/?s={search_term_string}\"},\"query-input\":{\"@type\":\"PropertyValueSpecification\",\"valueRequired\":true,\"valueName\":\"search_term_string\"}}],\"inLanguage\":\"es\"},{\"@type\":\"Organization\",\"@id\":\"https:\/\/hotelcentrereus.com\/#organization\",\"name\":\"Hotel Centre Reus - Hotels One\",\"alternateName\":\"Hotel Centre\",\"url\":\"https:\/\/hotelcentrereus.com\/\",\"logo\":{\"@type\":\"ImageObject\",\"inLanguage\":\"es\",\"@id\":\"https:\/\/hotelcentrereus.com\/#\/schema\/logo\/image\/\",\"url\":\"https:\/\/hotelcentrereus.com\/wp-content\/uploads\/2024\/06\/Logos-04.png\",\"contentUrl\":\"https:\/\/hotelcentrereus.com\/wp-content\/uploads\/2024\/06\/Logos-04.png\",\"width\":399,\"height\":404,\"caption\":\"Hotel Centre Reus - Hotels One\"},\"image\":{\"@id\":\"https:\/\/hotelcentrereus.com\/#\/schema\/logo\/image\/\"},\"sameAs\":[\"https:\/\/www.facebook.com\/hotelcentrereus2015\",\"https:\/\/x.com\/HotelCentreReus\",\"https:\/\/www.instagram.com\/hotelcentrereus\/\"]},{\"@type\":\"Person\",\"@id\":\"https:\/\/hotelcentrereus.com\/#\/schema\/person\/9b0674c0f7f92fc0a64439aa538c1531\",\"name\":\"hotelcentre\",\"image\":{\"@type\":\"ImageObject\",\"inLanguage\":\"es\",\"@id\":\"https:\/\/hotelcentrereus.com\/#\/schema\/person\/image\/\",\"url\":\"https:\/\/secure.gravatar.com\/avatar\/442251953f111b43a4668103c7b7c09aa35690e525473fb0bb9db0681ee9c0c3?s=96&d=mm&r=g\",\"contentUrl\":\"https:\/\/secure.gravatar.com\/avatar\/442251953f111b43a4668103c7b7c09aa35690e525473fb0bb9db0681ee9c0c3?s=96&d=mm&r=g\",\"caption\":\"hotelcentre\"},\"sameAs\":[\"https:\/\/hotelcentrereus.com\"],\"url\":\"https:\/\/hotelcentrereus.com\/es\/author\/hotelcentre\/\"}]}<\/script>\n<!-- \/ Yoast SEO plugin. -->","yoast_head_json":{"title":"La Casa Nav\u00e0s por dentro - Hotel Centre Reus - Hotels One","description":"Hoy, desde Hotel Centre, nos adentraremos en la Casa Nav\u00e0s para vivir una verdadera aventura hist\u00f3rica descubriendo su interior.","robots":{"index":"index","follow":"follow","max-snippet":"max-snippet:-1","max-image-preview":"max-image-preview:large","max-video-preview":"max-video-preview:-1"},"canonical":"https:\/\/hotelcentrereus.com\/es\/la-casa-navas-por-dentro\/","og_locale":"es_ES","og_type":"article","og_title":"La Casa Nav\u00e0s por dentro - Hotel Centre Reus - Hotels One","og_description":"Hoy, desde Hotel Centre, nos adentraremos en la Casa Nav\u00e0s para vivir una verdadera aventura hist\u00f3rica descubriendo su interior.","og_url":"https:\/\/hotelcentrereus.com\/es\/la-casa-navas-por-dentro\/","og_site_name":"Hotel Centre Reus - Hotels One","article_publisher":"https:\/\/www.facebook.com\/hotelcentrereus2015","article_published_time":"2023-12-27T10:05:58+00:00","article_modified_time":"2023-12-27T10:41:08+00:00","og_image":[{"width":1000,"height":416,"url":"https:\/\/hotelcentrereus.com\/wp-content\/uploads\/2023\/12\/WhatsApp-Image-2023-12-27-at-11.03.19.jpeg","type":"image\/jpeg"}],"author":"hotelcentre","twitter_misc":{"Escrito por":"hotelcentre","Tiempo de lectura":"3 minutos"},"schema":{"@context":"https:\/\/schema.org","@graph":[{"@type":"Article","@id":"https:\/\/hotelcentrereus.com\/es\/la-casa-navas-por-dentro\/#article","isPartOf":{"@id":"https:\/\/hotelcentrereus.com\/es\/la-casa-navas-por-dentro\/"},"author":{"name":"hotelcentre","@id":"https:\/\/hotelcentrereus.com\/#\/schema\/person\/9b0674c0f7f92fc0a64439aa538c1531"},"headline":"La Casa Nav\u00e0s por dentro","datePublished":"2023-12-27T10:05:58+00:00","dateModified":"2023-12-27T10:41:08+00:00","mainEntityOfPage":{"@id":"https:\/\/hotelcentrereus.com\/es\/la-casa-navas-por-dentro\/"},"wordCount":490,"publisher":{"@id":"https:\/\/hotelcentrereus.com\/#organization"},"image":{"@id":"https:\/\/hotelcentrereus.com\/es\/la-casa-navas-por-dentro\/#primaryimage"},"thumbnailUrl":"https:\/\/hotelcentrereus.com\/wp-content\/uploads\/2023\/12\/WhatsApp-Image-2023-12-27-at-11.03.19.jpeg","articleSection":["Novedades"],"inLanguage":"es"},{"@type":"WebPage","@id":"https:\/\/hotelcentrereus.com\/es\/la-casa-navas-por-dentro\/","url":"https:\/\/hotelcentrereus.com\/es\/la-casa-navas-por-dentro\/","name":"La Casa Nav\u00e0s por dentro - Hotel Centre Reus - Hotels One","isPartOf":{"@id":"https:\/\/hotelcentrereus.com\/#website"},"primaryImageOfPage":{"@id":"https:\/\/hotelcentrereus.com\/es\/la-casa-navas-por-dentro\/#primaryimage"},"image":{"@id":"https:\/\/hotelcentrereus.com\/es\/la-casa-navas-por-dentro\/#primaryimage"},"thumbnailUrl":"https:\/\/hotelcentrereus.com\/wp-content\/uploads\/2023\/12\/WhatsApp-Image-2023-12-27-at-11.03.19.jpeg","datePublished":"2023-12-27T10:05:58+00:00","dateModified":"2023-12-27T10:41:08+00:00","description":"Hoy, desde Hotel Centre, nos adentraremos en la Casa Nav\u00e0s para vivir una verdadera aventura hist\u00f3rica descubriendo su interior.","breadcrumb":{"@id":"https:\/\/hotelcentrereus.com\/es\/la-casa-navas-por-dentro\/#breadcrumb"},"inLanguage":"es","potentialAction":[{"@type":"ReadAction","target":["https:\/\/hotelcentrereus.com\/es\/la-casa-navas-por-dentro\/"]}]},{"@type":"ImageObject","inLanguage":"es","@id":"https:\/\/hotelcentrereus.com\/es\/la-casa-navas-por-dentro\/#primaryimage","url":"https:\/\/hotelcentrereus.com\/wp-content\/uploads\/2023\/12\/WhatsApp-Image-2023-12-27-at-11.03.19.jpeg","contentUrl":"https:\/\/hotelcentrereus.com\/wp-content\/uploads\/2023\/12\/WhatsApp-Image-2023-12-27-at-11.03.19.jpeg","width":1000,"height":416},{"@type":"BreadcrumbList","@id":"https:\/\/hotelcentrereus.com\/es\/la-casa-navas-por-dentro\/#breadcrumb","itemListElement":[{"@type":"ListItem","position":1,"name":"Portada","item":"https:\/\/hotelcentrereus.com\/es\/"},{"@type":"ListItem","position":2,"name":"La Casa Nav\u00e0s por dentro"}]},{"@type":"WebSite","@id":"https:\/\/hotelcentrereus.com\/#website","url":"https:\/\/hotelcentrereus.com\/","name":"Hotel Centre Reus - Hotels One","description":"10% DE DESCUENTO AL RESERVAR EN NUESTRA WEB - El Hotel Centre Reus es un hotel peque\u00f1o de 3 estrellas situado en el centro hist\u00f3rico de Reus. Ofrece habitaciones amplias, modernas y elegantes. Con vistas excelentes a la iglesia prioral de Sant Pere.","publisher":{"@id":"https:\/\/hotelcentrereus.com\/#organization"},"alternateName":"Hotel Reus","potentialAction":[{"@type":"SearchAction","target":{"@type":"EntryPoint","urlTemplate":"https:\/\/hotelcentrereus.com\/?s={search_term_string}"},"query-input":{"@type":"PropertyValueSpecification","valueRequired":true,"valueName":"search_term_string"}}],"inLanguage":"es"},{"@type":"Organization","@id":"https:\/\/hotelcentrereus.com\/#organization","name":"Hotel Centre Reus - Hotels One","alternateName":"Hotel Centre","url":"https:\/\/hotelcentrereus.com\/","logo":{"@type":"ImageObject","inLanguage":"es","@id":"https:\/\/hotelcentrereus.com\/#\/schema\/logo\/image\/","url":"https:\/\/hotelcentrereus.com\/wp-content\/uploads\/2024\/06\/Logos-04.png","contentUrl":"https:\/\/hotelcentrereus.com\/wp-content\/uploads\/2024\/06\/Logos-04.png","width":399,"height":404,"caption":"Hotel Centre Reus - Hotels One"},"image":{"@id":"https:\/\/hotelcentrereus.com\/#\/schema\/logo\/image\/"},"sameAs":["https:\/\/www.facebook.com\/hotelcentrereus2015","https:\/\/x.com\/HotelCentreReus","https:\/\/www.instagram.com\/hotelcentrereus\/"]},{"@type":"Person","@id":"https:\/\/hotelcentrereus.com\/#\/schema\/person\/9b0674c0f7f92fc0a64439aa538c1531","name":"hotelcentre","image":{"@type":"ImageObject","inLanguage":"es","@id":"https:\/\/hotelcentrereus.com\/#\/schema\/person\/image\/","url":"https:\/\/secure.gravatar.com\/avatar\/442251953f111b43a4668103c7b7c09aa35690e525473fb0bb9db0681ee9c0c3?s=96&d=mm&r=g","contentUrl":"https:\/\/secure.gravatar.com\/avatar\/442251953f111b43a4668103c7b7c09aa35690e525473fb0bb9db0681ee9c0c3?s=96&d=mm&r=g","caption":"hotelcentre"},"sameAs":["https:\/\/hotelcentrereus.com"],"url":"https:\/\/hotelcentrereus.com\/es\/author\/hotelcentre\/"}]}},"_links":{"self":[{"href":"https:\/\/hotelcentrereus.com\/es\/wp-json\/wp\/v2\/posts\/4429","targetHints":{"allow":["GET"]}}],"collection":[{"href":"https:\/\/hotelcentrereus.com\/es\/wp-json\/wp\/v2\/posts"}],"about":[{"href":"https:\/\/hotelcentrereus.com\/es\/wp-json\/wp\/v2\/types\/post"}],"author":[{"embeddable":true,"href":"https:\/\/hotelcentrereus.com\/es\/wp-json\/wp\/v2\/users\/1"}],"replies":[{"embeddable":true,"href":"https:\/\/hotelcentrereus.com\/es\/wp-json\/wp\/v2\/comments?post=4429"}],"version-history":[{"count":3,"href":"https:\/\/hotelcentrereus.com\/es\/wp-json\/wp\/v2\/posts\/4429\/revisions"}],"predecessor-version":[{"id":4432,"href":"https:\/\/hotelcentrereus.com\/es\/wp-json\/wp\/v2\/posts\/4429\/revisions\/4432"}],"wp:featuredmedia":[{"embeddable":true,"href":"https:\/\/hotelcentrereus.com\/es\/wp-json\/wp\/v2\/media\/4425"}],"wp:attachment":[{"href":"https:\/\/hotelcentrereus.com\/es\/wp-json\/wp\/v2\/media?parent=4429"}],"wp:term":[{"taxonomy":"category","embeddable":true,"href":"https:\/\/hotelcentrereus.com\/es\/wp-json\/wp\/v2\/categories?post=4429"},{"taxonomy":"post_tag","embeddable":true,"href":"https:\/\/hotelcentrereus.com\/es\/wp-json\/wp\/v2\/tags?post=4429"}],"curies":[{"name":"wp","href":"https:\/\/api.w.org\/{rel}","templated":true}]}}