{"id":3092,"date":"2023-07-28T10:28:29","date_gmt":"2023-07-28T10:28:29","guid":{"rendered":"https:\/\/hotelcentrereus.com\/?p=3092"},"modified":"2023-12-07T10:59:48","modified_gmt":"2023-12-07T09:59:48","slug":"la-festa-mayor-de-reus-en-hotel-centre-reus","status":"publish","type":"post","link":"https:\/\/hotelcentrereus.com\/es\/la-festa-mayor-de-reus-en-hotel-centre-reus\/","title":{"rendered":"La Festa Mayor de Reus en Hotel Centre Reus"},"content":{"rendered":"<h1>Bienvenidos a Hotel Centre Reus, situado en la ciudad donde la tradici\u00f3n y la cultura se encuentran para celebrar la mejor <a href=\"https:\/\/www.reus.cat\/agenda_festa_major\">Festa Major de Sant Pere.<\/a><\/h1>\n<h3>La Festa Major de Sant Pere es considerada la fiesta m\u00e1s grande de la ciudad de Reus. Tanto es su significado y relevancia que ha sido declarada Fiesta Patrimonial de Inter\u00e9s Nacional por la Generalidad de Catalu\u00f1a.<\/h3>\n<p>&nbsp;<\/p>\n<h4>Las festividades arrancan con la verbena de San Juan el 23 de junio.<\/h4>\n<p>Marcada por la llegada del fuego del Canig\u00f3, un evento que llena de energ\u00eda y anticipaci\u00f3n las calles de la ciudad. Los diablos protagonizan un apasionante pasacalles de fuego, anunciando as\u00ed el inicio de una semana llena de emocionantes actividades. Sin embargo, es la v\u00edspera de San Pere, el 28 de junio, cuando los actos festivos alcanzan su m\u00e1ximo esplendor.<\/p>\n<p>&nbsp;<\/p>\n<h4>El d\u00eda 28 de junio, todos los grupos festivos y las autoridades desfilan hasta la Prioral de San Pere. Posteriormente, al regresar a la Plaza Mercadal, tiene lugar la segunda \u00abtronada\u00bb de la Fiesta.<\/h4>\n<p>Esta impresionante tradici\u00f3n pirot\u00e9cnica se combina con un magn\u00edfico castillo de fuegos artificiales, dando paso a una serie de festejos que se extienden por diferentes puntos de la ciudad. La alegr\u00eda y la diversi\u00f3n se prolongan hasta altas horas de la madrugada en la Plaza Mercadal, con las populares \u00abmadrugadas\u00bb, la emblem\u00e1tica \u00abtronada\u00bb del \u00abdespertar Reus\u00bb y una fiesta animada que dura hasta las diez de la ma\u00f1ana.<\/p>\n<p>&nbsp;<\/p>\n<h4>Por la ma\u00f1ana del 29 de junio, una nueva \u00abtronada\u00bb sacude el coraz\u00f3n de la Plaza Mercadal.<\/h4>\n<p>Esta marca el inicio de una jornada repleta de emociones. Los grupos festivos realizan actuaciones mostrando su destreza en bailes tradicionales. Luego, los valientes Xiquets de Reus nos impresionan con su actuaci\u00f3n castellera.<\/p>\n<p>&nbsp;<\/p>\n<p>En <a href=\"https:\/\/hotelcentrereus.com\/es\/\">Hotel Centre Reus<\/a>, nos sentimos emocionados y orgullosos de formar parte de esta hermosa tradici\u00f3n, y de esta ciudad. Extendemos una c\u00e1lida bienvenida a todos los visitantes que deseen sumergirse en la magia y el esplendor de La Fiesta Mayor de Reus el pr\u00f3ximo a\u00f1o. Nuestro hotel est\u00e1 preparado para recibirte con las mejores comodidades y servicios, para que tu experiencia en esta festividad sea inolvidable.<\/p>\n<p>&nbsp;<\/p>\n<p>\u00a1\u00danete a nosotros para celebrar La Fiesta Mayor de Reus, una experiencia \u00fanica que te sumergir\u00e1 en la riqueza cultural y el esp\u00edritu festivo de nuestra ciudad!<\/p>\n<p>Te esperamos.<\/p>\n","protected":false},"excerpt":{"rendered":"<p>Bienvenidos a Hotel Centre Reus, situado en la ciudad donde la tradici\u00f3n y la cultura se encuentran para celebrar la mejor Festa Major de Sant Pere. La Festa Major de Sant Pere es considerada la fiesta m\u00e1s grande de la ciudad de Reus. Tanto es su significado y relevancia que ha sido declarada Fiesta Patrimonial [&hellip;]<\/p>\n","protected":false},"author":1,"featured_media":3093,"comment_status":"closed","ping_status":"closed","sticky":false,"template":"","format":"standard","meta":{"_et_pb_use_builder":"","_et_pb_old_content":"","_et_gb_content_width":"","footnotes":""},"categories":[58],"tags":[],"class_list":["post-3092","post","type-post","status-publish","format-standard","has-post-thumbnail","hentry","category-novedades"],"yoast_head":"<!-- This site is optimized with the Yoast SEO plugin v26.7 - https:\/\/yoast.com\/wordpress\/plugins\/seo\/ -->\n<title>Festa Major de Sant Pere<\/title>\n<meta name=\"description\" content=\"Bienvenidos a Hotel Centre Reus, donde la tradici\u00f3n y la cultura se encuentran para celebrar la mejor Festa Major de Sant Pere.\" \/>\n<meta name=\"robots\" content=\"index, follow, max-snippet:-1, max-image-preview:large, max-video-preview:-1\" \/>\n<link rel=\"canonical\" href=\"https:\/\/hotelcentrereus.com\/es\/la-festa-mayor-de-reus-en-hotel-centre-reus\/\" \/>\n<meta property=\"og:locale\" content=\"es_ES\" \/>\n<meta property=\"og:type\" content=\"article\" \/>\n<meta property=\"og:title\" content=\"Festa Major de Sant Pere\" \/>\n<meta property=\"og:description\" content=\"Bienvenidos a Hotel Centre Reus, donde la tradici\u00f3n y la cultura se encuentran para celebrar la mejor Festa Major de Sant Pere.\" \/>\n<meta property=\"og:url\" content=\"https:\/\/hotelcentrereus.com\/es\/la-festa-mayor-de-reus-en-hotel-centre-reus\/\" \/>\n<meta property=\"og:site_name\" content=\"Hotel Centre Reus - Hotels One\" \/>\n<meta property=\"article:publisher\" content=\"https:\/\/www.facebook.com\/hotelcentrereus2015\" \/>\n<meta property=\"article:published_time\" content=\"2023-07-28T10:28:29+00:00\" \/>\n<meta property=\"article:modified_time\" content=\"2023-12-07T09:59:48+00:00\" \/>\n<meta property=\"og:image\" content=\"https:\/\/hotelcentrereus.com\/wp-content\/uploads\/2023\/07\/BLOG-SantpEREl.png\" \/>\n\t<meta property=\"og:image:width\" content=\"1000\" \/>\n\t<meta property=\"og:image:height\" content=\"416\" \/>\n\t<meta property=\"og:image:type\" content=\"image\/png\" \/>\n<meta name=\"author\" content=\"hotelcentre\" \/>\n<meta name=\"twitter:label1\" content=\"Escrito por\" \/>\n\t<meta name=\"twitter:data1\" content=\"hotelcentre\" \/>\n\t<meta name=\"twitter:label2\" content=\"Tiempo de lectura\" \/>\n\t<meta name=\"twitter:data2\" content=\"2 minutos\" \/>\n<script type=\"application\/ld+json\" class=\"yoast-schema-graph\">{\"@context\":\"https:\/\/schema.org\",\"@graph\":[{\"@type\":\"Article\",\"@id\":\"https:\/\/hotelcentrereus.com\/es\/la-festa-mayor-de-reus-en-hotel-centre-reus\/#article\",\"isPartOf\":{\"@id\":\"https:\/\/hotelcentrereus.com\/es\/la-festa-mayor-de-reus-en-hotel-centre-reus\/\"},\"author\":{\"name\":\"hotelcentre\",\"@id\":\"https:\/\/hotelcentrereus.com\/#\/schema\/person\/9b0674c0f7f92fc0a64439aa538c1531\"},\"headline\":\"La Festa Mayor de Reus en Hotel Centre Reus\",\"datePublished\":\"2023-07-28T10:28:29+00:00\",\"dateModified\":\"2023-12-07T09:59:48+00:00\",\"mainEntityOfPage\":{\"@id\":\"https:\/\/hotelcentrereus.com\/es\/la-festa-mayor-de-reus-en-hotel-centre-reus\/\"},\"wordCount\":418,\"publisher\":{\"@id\":\"https:\/\/hotelcentrereus.com\/#organization\"},\"image\":{\"@id\":\"https:\/\/hotelcentrereus.com\/es\/la-festa-mayor-de-reus-en-hotel-centre-reus\/#primaryimage\"},\"thumbnailUrl\":\"https:\/\/hotelcentrereus.com\/wp-content\/uploads\/2023\/07\/BLOG-SantpEREl.png\",\"articleSection\":[\"Novedades\"],\"inLanguage\":\"es\"},{\"@type\":\"WebPage\",\"@id\":\"https:\/\/hotelcentrereus.com\/es\/la-festa-mayor-de-reus-en-hotel-centre-reus\/\",\"url\":\"https:\/\/hotelcentrereus.com\/es\/la-festa-mayor-de-reus-en-hotel-centre-reus\/\",\"name\":\"Festa Major de Sant Pere\",\"isPartOf\":{\"@id\":\"https:\/\/hotelcentrereus.com\/#website\"},\"primaryImageOfPage\":{\"@id\":\"https:\/\/hotelcentrereus.com\/es\/la-festa-mayor-de-reus-en-hotel-centre-reus\/#primaryimage\"},\"image\":{\"@id\":\"https:\/\/hotelcentrereus.com\/es\/la-festa-mayor-de-reus-en-hotel-centre-reus\/#primaryimage\"},\"thumbnailUrl\":\"https:\/\/hotelcentrereus.com\/wp-content\/uploads\/2023\/07\/BLOG-SantpEREl.png\",\"datePublished\":\"2023-07-28T10:28:29+00:00\",\"dateModified\":\"2023-12-07T09:59:48+00:00\",\"description\":\"Bienvenidos a Hotel Centre Reus, donde la tradici\u00f3n y la cultura se encuentran para celebrar la mejor Festa Major de Sant Pere.\",\"breadcrumb\":{\"@id\":\"https:\/\/hotelcentrereus.com\/es\/la-festa-mayor-de-reus-en-hotel-centre-reus\/#breadcrumb\"},\"inLanguage\":\"es\",\"potentialAction\":[{\"@type\":\"ReadAction\",\"target\":[\"https:\/\/hotelcentrereus.com\/es\/la-festa-mayor-de-reus-en-hotel-centre-reus\/\"]}]},{\"@type\":\"ImageObject\",\"inLanguage\":\"es\",\"@id\":\"https:\/\/hotelcentrereus.com\/es\/la-festa-mayor-de-reus-en-hotel-centre-reus\/#primaryimage\",\"url\":\"https:\/\/hotelcentrereus.com\/wp-content\/uploads\/2023\/07\/BLOG-SantpEREl.png\",\"contentUrl\":\"https:\/\/hotelcentrereus.com\/wp-content\/uploads\/2023\/07\/BLOG-SantpEREl.png\",\"width\":1000,\"height\":416,\"caption\":\"La Festa Major de Sant Pere\"},{\"@type\":\"BreadcrumbList\",\"@id\":\"https:\/\/hotelcentrereus.com\/es\/la-festa-mayor-de-reus-en-hotel-centre-reus\/#breadcrumb\",\"itemListElement\":[{\"@type\":\"ListItem\",\"position\":1,\"name\":\"Portada\",\"item\":\"https:\/\/hotelcentrereus.com\/es\/\"},{\"@type\":\"ListItem\",\"position\":2,\"name\":\"La Festa Mayor de Reus en Hotel Centre Reus\"}]},{\"@type\":\"WebSite\",\"@id\":\"https:\/\/hotelcentrereus.com\/#website\",\"url\":\"https:\/\/hotelcentrereus.com\/\",\"name\":\"Hotel Centre Reus - Hotels One\",\"description\":\"10% DE DESCUENTO AL RESERVAR EN NUESTRA WEB - El Hotel Centre Reus es un hotel peque\u00f1o de 3 estrellas situado en el centro hist\u00f3rico de Reus. Ofrece habitaciones amplias, modernas y elegantes. Con vistas excelentes a la iglesia prioral de Sant Pere.\",\"publisher\":{\"@id\":\"https:\/\/hotelcentrereus.com\/#organization\"},\"alternateName\":\"Hotel Reus\",\"potentialAction\":[{\"@type\":\"SearchAction\",\"target\":{\"@type\":\"EntryPoint\",\"urlTemplate\":\"https:\/\/hotelcentrereus.com\/?s={search_term_string}\"},\"query-input\":{\"@type\":\"PropertyValueSpecification\",\"valueRequired\":true,\"valueName\":\"search_term_string\"}}],\"inLanguage\":\"es\"},{\"@type\":\"Organization\",\"@id\":\"https:\/\/hotelcentrereus.com\/#organization\",\"name\":\"Hotel Centre Reus - Hotels One\",\"alternateName\":\"Hotel Centre\",\"url\":\"https:\/\/hotelcentrereus.com\/\",\"logo\":{\"@type\":\"ImageObject\",\"inLanguage\":\"es\",\"@id\":\"https:\/\/hotelcentrereus.com\/#\/schema\/logo\/image\/\",\"url\":\"https:\/\/hotelcentrereus.com\/wp-content\/uploads\/2024\/06\/Logos-04.png\",\"contentUrl\":\"https:\/\/hotelcentrereus.com\/wp-content\/uploads\/2024\/06\/Logos-04.png\",\"width\":399,\"height\":404,\"caption\":\"Hotel Centre Reus - Hotels One\"},\"image\":{\"@id\":\"https:\/\/hotelcentrereus.com\/#\/schema\/logo\/image\/\"},\"sameAs\":[\"https:\/\/www.facebook.com\/hotelcentrereus2015\",\"https:\/\/x.com\/HotelCentreReus\",\"https:\/\/www.instagram.com\/hotelcentrereus\/\"]},{\"@type\":\"Person\",\"@id\":\"https:\/\/hotelcentrereus.com\/#\/schema\/person\/9b0674c0f7f92fc0a64439aa538c1531\",\"name\":\"hotelcentre\",\"image\":{\"@type\":\"ImageObject\",\"inLanguage\":\"es\",\"@id\":\"https:\/\/hotelcentrereus.com\/#\/schema\/person\/image\/\",\"url\":\"https:\/\/secure.gravatar.com\/avatar\/442251953f111b43a4668103c7b7c09aa35690e525473fb0bb9db0681ee9c0c3?s=96&d=mm&r=g\",\"contentUrl\":\"https:\/\/secure.gravatar.com\/avatar\/442251953f111b43a4668103c7b7c09aa35690e525473fb0bb9db0681ee9c0c3?s=96&d=mm&r=g\",\"caption\":\"hotelcentre\"},\"sameAs\":[\"https:\/\/hotelcentrereus.com\"],\"url\":\"https:\/\/hotelcentrereus.com\/es\/author\/hotelcentre\/\"}]}<\/script>\n<!-- \/ Yoast SEO plugin. -->","yoast_head_json":{"title":"Festa Major de Sant Pere","description":"Bienvenidos a Hotel Centre Reus, donde la tradici\u00f3n y la cultura se encuentran para celebrar la mejor Festa Major de Sant Pere.","robots":{"index":"index","follow":"follow","max-snippet":"max-snippet:-1","max-image-preview":"max-image-preview:large","max-video-preview":"max-video-preview:-1"},"canonical":"https:\/\/hotelcentrereus.com\/es\/la-festa-mayor-de-reus-en-hotel-centre-reus\/","og_locale":"es_ES","og_type":"article","og_title":"Festa Major de Sant Pere","og_description":"Bienvenidos a Hotel Centre Reus, donde la tradici\u00f3n y la cultura se encuentran para celebrar la mejor Festa Major de Sant Pere.","og_url":"https:\/\/hotelcentrereus.com\/es\/la-festa-mayor-de-reus-en-hotel-centre-reus\/","og_site_name":"Hotel Centre Reus - Hotels One","article_publisher":"https:\/\/www.facebook.com\/hotelcentrereus2015","article_published_time":"2023-07-28T10:28:29+00:00","article_modified_time":"2023-12-07T09:59:48+00:00","og_image":[{"width":1000,"height":416,"url":"https:\/\/hotelcentrereus.com\/wp-content\/uploads\/2023\/07\/BLOG-SantpEREl.png","type":"image\/png"}],"author":"hotelcentre","twitter_misc":{"Escrito por":"hotelcentre","Tiempo de lectura":"2 minutos"},"schema":{"@context":"https:\/\/schema.org","@graph":[{"@type":"Article","@id":"https:\/\/hotelcentrereus.com\/es\/la-festa-mayor-de-reus-en-hotel-centre-reus\/#article","isPartOf":{"@id":"https:\/\/hotelcentrereus.com\/es\/la-festa-mayor-de-reus-en-hotel-centre-reus\/"},"author":{"name":"hotelcentre","@id":"https:\/\/hotelcentrereus.com\/#\/schema\/person\/9b0674c0f7f92fc0a64439aa538c1531"},"headline":"La Festa Mayor de Reus en Hotel Centre Reus","datePublished":"2023-07-28T10:28:29+00:00","dateModified":"2023-12-07T09:59:48+00:00","mainEntityOfPage":{"@id":"https:\/\/hotelcentrereus.com\/es\/la-festa-mayor-de-reus-en-hotel-centre-reus\/"},"wordCount":418,"publisher":{"@id":"https:\/\/hotelcentrereus.com\/#organization"},"image":{"@id":"https:\/\/hotelcentrereus.com\/es\/la-festa-mayor-de-reus-en-hotel-centre-reus\/#primaryimage"},"thumbnailUrl":"https:\/\/hotelcentrereus.com\/wp-content\/uploads\/2023\/07\/BLOG-SantpEREl.png","articleSection":["Novedades"],"inLanguage":"es"},{"@type":"WebPage","@id":"https:\/\/hotelcentrereus.com\/es\/la-festa-mayor-de-reus-en-hotel-centre-reus\/","url":"https:\/\/hotelcentrereus.com\/es\/la-festa-mayor-de-reus-en-hotel-centre-reus\/","name":"Festa Major de Sant Pere","isPartOf":{"@id":"https:\/\/hotelcentrereus.com\/#website"},"primaryImageOfPage":{"@id":"https:\/\/hotelcentrereus.com\/es\/la-festa-mayor-de-reus-en-hotel-centre-reus\/#primaryimage"},"image":{"@id":"https:\/\/hotelcentrereus.com\/es\/la-festa-mayor-de-reus-en-hotel-centre-reus\/#primaryimage"},"thumbnailUrl":"https:\/\/hotelcentrereus.com\/wp-content\/uploads\/2023\/07\/BLOG-SantpEREl.png","datePublished":"2023-07-28T10:28:29+00:00","dateModified":"2023-12-07T09:59:48+00:00","description":"Bienvenidos a Hotel Centre Reus, donde la tradici\u00f3n y la cultura se encuentran para celebrar la mejor Festa Major de Sant Pere.","breadcrumb":{"@id":"https:\/\/hotelcentrereus.com\/es\/la-festa-mayor-de-reus-en-hotel-centre-reus\/#breadcrumb"},"inLanguage":"es","potentialAction":[{"@type":"ReadAction","target":["https:\/\/hotelcentrereus.com\/es\/la-festa-mayor-de-reus-en-hotel-centre-reus\/"]}]},{"@type":"ImageObject","inLanguage":"es","@id":"https:\/\/hotelcentrereus.com\/es\/la-festa-mayor-de-reus-en-hotel-centre-reus\/#primaryimage","url":"https:\/\/hotelcentrereus.com\/wp-content\/uploads\/2023\/07\/BLOG-SantpEREl.png","contentUrl":"https:\/\/hotelcentrereus.com\/wp-content\/uploads\/2023\/07\/BLOG-SantpEREl.png","width":1000,"height":416,"caption":"La Festa Major de Sant Pere"},{"@type":"BreadcrumbList","@id":"https:\/\/hotelcentrereus.com\/es\/la-festa-mayor-de-reus-en-hotel-centre-reus\/#breadcrumb","itemListElement":[{"@type":"ListItem","position":1,"name":"Portada","item":"https:\/\/hotelcentrereus.com\/es\/"},{"@type":"ListItem","position":2,"name":"La Festa Mayor de Reus en Hotel Centre Reus"}]},{"@type":"WebSite","@id":"https:\/\/hotelcentrereus.com\/#website","url":"https:\/\/hotelcentrereus.com\/","name":"Hotel Centre Reus - Hotels One","description":"10% DE DESCUENTO AL RESERVAR EN NUESTRA WEB - El Hotel Centre Reus es un hotel peque\u00f1o de 3 estrellas situado en el centro hist\u00f3rico de Reus. Ofrece habitaciones amplias, modernas y elegantes. Con vistas excelentes a la iglesia prioral de Sant Pere.","publisher":{"@id":"https:\/\/hotelcentrereus.com\/#organization"},"alternateName":"Hotel Reus","potentialAction":[{"@type":"SearchAction","target":{"@type":"EntryPoint","urlTemplate":"https:\/\/hotelcentrereus.com\/?s={search_term_string}"},"query-input":{"@type":"PropertyValueSpecification","valueRequired":true,"valueName":"search_term_string"}}],"inLanguage":"es"},{"@type":"Organization","@id":"https:\/\/hotelcentrereus.com\/#organization","name":"Hotel Centre Reus - Hotels One","alternateName":"Hotel Centre","url":"https:\/\/hotelcentrereus.com\/","logo":{"@type":"ImageObject","inLanguage":"es","@id":"https:\/\/hotelcentrereus.com\/#\/schema\/logo\/image\/","url":"https:\/\/hotelcentrereus.com\/wp-content\/uploads\/2024\/06\/Logos-04.png","contentUrl":"https:\/\/hotelcentrereus.com\/wp-content\/uploads\/2024\/06\/Logos-04.png","width":399,"height":404,"caption":"Hotel Centre Reus - Hotels One"},"image":{"@id":"https:\/\/hotelcentrereus.com\/#\/schema\/logo\/image\/"},"sameAs":["https:\/\/www.facebook.com\/hotelcentrereus2015","https:\/\/x.com\/HotelCentreReus","https:\/\/www.instagram.com\/hotelcentrereus\/"]},{"@type":"Person","@id":"https:\/\/hotelcentrereus.com\/#\/schema\/person\/9b0674c0f7f92fc0a64439aa538c1531","name":"hotelcentre","image":{"@type":"ImageObject","inLanguage":"es","@id":"https:\/\/hotelcentrereus.com\/#\/schema\/person\/image\/","url":"https:\/\/secure.gravatar.com\/avatar\/442251953f111b43a4668103c7b7c09aa35690e525473fb0bb9db0681ee9c0c3?s=96&d=mm&r=g","contentUrl":"https:\/\/secure.gravatar.com\/avatar\/442251953f111b43a4668103c7b7c09aa35690e525473fb0bb9db0681ee9c0c3?s=96&d=mm&r=g","caption":"hotelcentre"},"sameAs":["https:\/\/hotelcentrereus.com"],"url":"https:\/\/hotelcentrereus.com\/es\/author\/hotelcentre\/"}]}},"_links":{"self":[{"href":"https:\/\/hotelcentrereus.com\/es\/wp-json\/wp\/v2\/posts\/3092","targetHints":{"allow":["GET"]}}],"collection":[{"href":"https:\/\/hotelcentrereus.com\/es\/wp-json\/wp\/v2\/posts"}],"about":[{"href":"https:\/\/hotelcentrereus.com\/es\/wp-json\/wp\/v2\/types\/post"}],"author":[{"embeddable":true,"href":"https:\/\/hotelcentrereus.com\/es\/wp-json\/wp\/v2\/users\/1"}],"replies":[{"embeddable":true,"href":"https:\/\/hotelcentrereus.com\/es\/wp-json\/wp\/v2\/comments?post=3092"}],"version-history":[{"count":1,"href":"https:\/\/hotelcentrereus.com\/es\/wp-json\/wp\/v2\/posts\/3092\/revisions"}],"predecessor-version":[{"id":4231,"href":"https:\/\/hotelcentrereus.com\/es\/wp-json\/wp\/v2\/posts\/3092\/revisions\/4231"}],"wp:featuredmedia":[{"embeddable":true,"href":"https:\/\/hotelcentrereus.com\/es\/wp-json\/wp\/v2\/media\/3093"}],"wp:attachment":[{"href":"https:\/\/hotelcentrereus.com\/es\/wp-json\/wp\/v2\/media?parent=3092"}],"wp:term":[{"taxonomy":"category","embeddable":true,"href":"https:\/\/hotelcentrereus.com\/es\/wp-json\/wp\/v2\/categories?post=3092"},{"taxonomy":"post_tag","embeddable":true,"href":"https:\/\/hotelcentrereus.com\/es\/wp-json\/wp\/v2\/tags?post=3092"}],"curies":[{"name":"wp","href":"https:\/\/api.w.org\/{rel}","templated":true}]}}